{"id":13158,"date":"2016-03-23T22:27:32","date_gmt":"2016-03-23T22:27:32","guid":{"rendered":"http:\/\/grad-export.hr\/de\/?p=13158"},"modified":"2016-03-23T22:27:32","modified_gmt":"2016-03-23T22:27:32","slug":"fensterbau-frontale-2016-nuernberg","status":"publish","type":"post","link":"https:\/\/grad-export.hr\/de\/fensterbau-frontale-2016-nuernberg.html","title":{"rendered":"Fensterbau Frontale 2016. &#8211; N\u00fcrnberg"},"content":{"rendered":"<p><img loading=\"lazy\" decoding=\"async\" class=\"alignleft wp-image-13145\" src=\"http:\/\/grad-export.hr\/web\/wp-content\/uploads\/fensterbau-frontale-2016-nuernberg\/fenster01-403x302.jpg\" alt=\"Fensterbau-Frontale-2016-Grad-Export-Vinkovci\" width=\"350\" height=\"263\" srcset=\"https:\/\/grad-export.hr\/web\/wp-content\/uploads\/fensterbau-frontale-2016-nuernberg\/fenster01-403x302.jpg 403w, https:\/\/grad-export.hr\/web\/wp-content\/uploads\/fensterbau-frontale-2016-nuernberg\/fenster01.jpg 1000w, https:\/\/grad-export.hr\/web\/wp-content\/uploads\/fensterbau-frontale-2016-nuernberg\/fenster01-570x428.jpg 570w\" sizes=\"(max-width: 350px) 100vw, 350px\" \/>Sehr geehrte Partner!<\/p>\n<p>In der Zeit vom 16.-19.03.2016 haben wir die Produkte unseres Unternehmens auf der gr\u00f6\u00dften Fenster und T\u00fcren Messe der Welt ausgestellt, die Fensterbau Frontale 2016 u N\u00fcrnberg.<\/p>\n<p>Auf der Messe wurde unsere neue Software zur Bestellung von ALU dekorativen T\u00fcrf\u00fcllungen pr\u00e4sentiert, wie auch die neuen Dekors f\u00fcr die ALU dekorativen T\u00fcrf\u00fcllungen und die neuen Modelle aus der ALU Reihe.<\/p>\n<p>&nbsp;<\/p>\n<p>Wir bedanken uns bei allen Gesch\u00e4ftspartner , f\u00fcr Ihren Besuch auf unserm Messestand<\/p>\nngg_shortcode_0_placeholder\n","protected":false},"excerpt":{"rendered":"<p>Sehr geehrte Partner! In der Zeit vom 16.-19.03.2016 haben wir die Produkte unseres Unternehmens auf der gr\u00f6\u00dften Fenster und T\u00fcren Messe der Welt ausgestellt, die Fensterbau Frontale 2016 u N\u00fcrnberg. Auf der Messe wurde unsere neue Software zur Bestellung von ALU dekorativen T\u00fcrf\u00fcllungen pr\u00e4sentiert, wie auch die neuen Dekors f\u00fcr die ALU dekorativen T\u00fcrf\u00fcllungen und [&hellip;]<\/p>\n","protected":false},"author":1,"featured_media":13145,"comment_status":"closed","ping_status":"open","sticky":false,"template":"","format":"standard","meta":{"ngg_post_thumbnail":0,"__cvm_playback_settings":[],"__cvm_video_id":"","footnotes":""},"categories":[29],"tags":[],"class_list":{"0":"post-13158","1":"post","2":"type-post","3":"status-publish","4":"format-standard","5":"has-post-thumbnail","7":"category-neuigkeiten","8":"czr-hentry"},"_links":{"self":[{"href":"https:\/\/grad-export.hr\/de\/wp-json\/wp\/v2\/posts\/13158"}],"collection":[{"href":"https:\/\/grad-export.hr\/de\/wp-json\/wp\/v2\/posts"}],"about":[{"href":"https:\/\/grad-export.hr\/de\/wp-json\/wp\/v2\/types\/post"}],"author":[{"embeddable":true,"href":"https:\/\/grad-export.hr\/de\/wp-json\/wp\/v2\/users\/1"}],"replies":[{"embeddable":true,"href":"https:\/\/grad-export.hr\/de\/wp-json\/wp\/v2\/comments?post=13158"}],"version-history":[{"count":1,"href":"https:\/\/grad-export.hr\/de\/wp-json\/wp\/v2\/posts\/13158\/revisions"}],"predecessor-version":[{"id":13159,"href":"https:\/\/grad-export.hr\/de\/wp-json\/wp\/v2\/posts\/13158\/revisions\/13159"}],"wp:featuredmedia":[{"embeddable":true,"href":"https:\/\/grad-export.hr\/de\/wp-json\/wp\/v2\/media\/13145"}],"wp:attachment":[{"href":"https:\/\/grad-export.hr\/de\/wp-json\/wp\/v2\/media?parent=13158"}],"wp:term":[{"taxonomy":"category","embeddable":true,"href":"https:\/\/grad-export.hr\/de\/wp-json\/wp\/v2\/categories?post=13158"},{"taxonomy":"post_tag","embeddable":true,"href":"https:\/\/grad-export.hr\/de\/wp-json\/wp\/v2\/tags?post=13158"}],"curies":[{"name":"wp","href":"https:\/\/api.w.org\/{rel}","templated":true}]}}