{"id":8170,"date":"2016-02-10T21:12:21","date_gmt":"2016-02-10T21:12:21","guid":{"rendered":"http:\/\/grad-export.hr\/de\/?p=8170"},"modified":"2016-02-10T21:12:21","modified_gmt":"2016-02-10T21:12:21","slug":"beton-hell-und-beton-dunkel","status":"publish","type":"post","link":"https:\/\/grad-export.hr\/de\/beton-hell-und-beton-dunkel.html","title":{"rendered":"Beton hell und Beton dunkel"},"content":{"rendered":"<p><img loading=\"lazy\" decoding=\"async\" class=\"alignleft wp-image-8165 size-medium\" src=\"http:\/\/grad-export.hr\/web\/wp-content\/uploads\/beton-svijetli-i-beton-tamni\/beton-403x194.png\" alt=\"Neue Dekore: Beton hell und Beton dunkel\" width=\"403\" height=\"194\" srcset=\"https:\/\/grad-export.hr\/web\/wp-content\/uploads\/beton-svijetli-i-beton-tamni\/beton-403x194.png 403w, https:\/\/grad-export.hr\/web\/wp-content\/uploads\/beton-svijetli-i-beton-tamni\/beton.png 800w, https:\/\/grad-export.hr\/web\/wp-content\/uploads\/beton-svijetli-i-beton-tamni\/beton-570x274.png 570w\" sizes=\"(max-width: 403px) 100vw, 403px\" \/>Sehr geehrte Partner,<\/p>\n<p>Ab dem 01.02.2016 haben wir zwei neue Dekore f\u00fcr unsere ALU dekorativen T\u00fcrf\u00fcllungen aus der Reihe ELITE, SIMPLE und ELITE+.<\/p>\n<p>Die Zwei neuen Dekore hei\u00dfen Beton hell und Beton dunkel.<\/p>\n","protected":false},"excerpt":{"rendered":"<p>Sehr geehrte Partner, Ab dem 01.02.2016 haben wir zwei neue Dekore f\u00fcr unsere ALU dekorativen T\u00fcrf\u00fcllungen aus der Reihe ELITE, SIMPLE und ELITE+. Die Zwei neuen Dekore hei\u00dfen Beton hell und Beton dunkel.<\/p>\n","protected":false},"author":1,"featured_media":8165,"comment_status":"closed","ping_status":"open","sticky":false,"template":"","format":"standard","meta":{"ngg_post_thumbnail":0,"__cvm_playback_settings":[],"__cvm_video_id":"","footnotes":""},"categories":[29],"tags":[],"class_list":{"0":"post-8170","1":"post","2":"type-post","3":"status-publish","4":"format-standard","5":"has-post-thumbnail","7":"category-neuigkeiten","8":"czr-hentry"},"_links":{"self":[{"href":"https:\/\/grad-export.hr\/de\/wp-json\/wp\/v2\/posts\/8170"}],"collection":[{"href":"https:\/\/grad-export.hr\/de\/wp-json\/wp\/v2\/posts"}],"about":[{"href":"https:\/\/grad-export.hr\/de\/wp-json\/wp\/v2\/types\/post"}],"author":[{"embeddable":true,"href":"https:\/\/grad-export.hr\/de\/wp-json\/wp\/v2\/users\/1"}],"replies":[{"embeddable":true,"href":"https:\/\/grad-export.hr\/de\/wp-json\/wp\/v2\/comments?post=8170"}],"version-history":[{"count":1,"href":"https:\/\/grad-export.hr\/de\/wp-json\/wp\/v2\/posts\/8170\/revisions"}],"predecessor-version":[{"id":8171,"href":"https:\/\/grad-export.hr\/de\/wp-json\/wp\/v2\/posts\/8170\/revisions\/8171"}],"wp:featuredmedia":[{"embeddable":true,"href":"https:\/\/grad-export.hr\/de\/wp-json\/wp\/v2\/media\/8165"}],"wp:attachment":[{"href":"https:\/\/grad-export.hr\/de\/wp-json\/wp\/v2\/media?parent=8170"}],"wp:term":[{"taxonomy":"category","embeddable":true,"href":"https:\/\/grad-export.hr\/de\/wp-json\/wp\/v2\/categories?post=8170"},{"taxonomy":"post_tag","embeddable":true,"href":"https:\/\/grad-export.hr\/de\/wp-json\/wp\/v2\/tags?post=8170"}],"curies":[{"name":"wp","href":"https:\/\/api.w.org\/{rel}","templated":true}]}}